{"id":345,"date":"2026-02-10T00:46:00","date_gmt":"2026-02-10T00:46:00","guid":{"rendered":"http:\/\/wp1.themexlab.com\/newwp\/budapest\/?p=345"},"modified":"2026-02-14T18:14:04","modified_gmt":"2026-02-14T18:14:04","slug":"conferencia-sherlock-2026","status":"publish","type":"post","link":"https:\/\/lauramanzanera.com\/?p=345","title":{"rendered":"Conferencia \u00abM\u00e1s all\u00e1 del crimen: c\u00f3mo se viv\u00eda en la Inglaterra de Sherlock Holmes\u00bb (BCNegra en la Biblioteca  Ar\u00fas)"},"content":{"rendered":"<div class=\"text\">\n<div class=\"activitats-paral-leles-top\">\n<div class=\"activitats-paral-leles-top-content display-8 lead\">\u00a0<\/div>\n<div class=\"activitats-paral-leles-top-content display-8 lead\">\n<p class=\"lloc-txt pt-3\">La Editorial Alma present\u00f3 su fondo vinculado a Sherlock Holmes, a los misterios y a los escritores victorianos con una conferencia a cargo de Laura Manzanera y Jos\u00e9 Luis Caballero. La sesi\u00f3n propuso un recorrido por la realidad hist\u00f3rica que se esconde tras las obras protagonizadas por el famoso detective, relacionando la ficci\u00f3n literaria con el contexto social, pol\u00edtico y cultural de la Inglaterra victoriana.<\/p>\n<\/div>\n<\/div>\n<div class=\"activitats-paral-leles-bottom pt-15\">\n<div class=\"activitats-paral-leles-body display-7\">\n<div class=\"field field--name-body field--type-text-with-summary field--label-hidden\">\n<p class=\"text-align-justify\" dir=\"ltr\">La presentaci\u00f3n se combin\u00f3 con la lectura de fragmentos de novelas y relatos que ilustraron los temas tratados.<\/p>\n<p dir=\"ltr\">La conferencia se puede ver <a href=\"https:\/\/www.youtube.com\/watch?v=Bxb2x3A92PU&amp;t=3495s\">aqu\u00ed<\/a><\/p>\n<\/div>\n<\/div>\n<\/div>\n<\/div>\n\n\n<p><\/p>\n","protected":false},"excerpt":{"rendered":"<p>\u00a0 La Editorial Alma present\u00f3 su fondo vinculado a Sherlock Holmes, a los misterios y a los escritores victorianos con una conferencia a cargo de Laura Manzanera y Jos\u00e9 Luis Caballero. La sesi\u00f3n propuso un recorrido por la realidad hist\u00f3rica que se esconde tras las obras protagonizadas por el famoso detective, relacionando la ficci\u00f3n literaria<\/p>\n","protected":false},"author":1,"featured_media":638,"comment_status":"closed","ping_status":"closed","sticky":false,"template":"","format":"standard","meta":{"footnotes":""},"categories":[5],"tags":[],"class_list":["post-345","post","type-post","status-publish","format-standard","has-post-thumbnail","hentry","category-eventos"],"_links":{"self":[{"href":"https:\/\/lauramanzanera.com\/index.php?rest_route=\/wp\/v2\/posts\/345","targetHints":{"allow":["GET"]}}],"collection":[{"href":"https:\/\/lauramanzanera.com\/index.php?rest_route=\/wp\/v2\/posts"}],"about":[{"href":"https:\/\/lauramanzanera.com\/index.php?rest_route=\/wp\/v2\/types\/post"}],"author":[{"embeddable":true,"href":"https:\/\/lauramanzanera.com\/index.php?rest_route=\/wp\/v2\/users\/1"}],"replies":[{"embeddable":true,"href":"https:\/\/lauramanzanera.com\/index.php?rest_route=%2Fwp%2Fv2%2Fcomments&post=345"}],"version-history":[{"count":12,"href":"https:\/\/lauramanzanera.com\/index.php?rest_route=\/wp\/v2\/posts\/345\/revisions"}],"predecessor-version":[{"id":693,"href":"https:\/\/lauramanzanera.com\/index.php?rest_route=\/wp\/v2\/posts\/345\/revisions\/693"}],"wp:featuredmedia":[{"embeddable":true,"href":"https:\/\/lauramanzanera.com\/index.php?rest_route=\/wp\/v2\/media\/638"}],"wp:attachment":[{"href":"https:\/\/lauramanzanera.com\/index.php?rest_route=%2Fwp%2Fv2%2Fmedia&parent=345"}],"wp:term":[{"taxonomy":"category","embeddable":true,"href":"https:\/\/lauramanzanera.com\/index.php?rest_route=%2Fwp%2Fv2%2Fcategories&post=345"},{"taxonomy":"post_tag","embeddable":true,"href":"https:\/\/lauramanzanera.com\/index.php?rest_route=%2Fwp%2Fv2%2Ftags&post=345"}],"curies":[{"name":"wp","href":"https:\/\/api.w.org\/{rel}","templated":true}]}}