{"id":756,"date":"2026-03-08T12:14:47","date_gmt":"2026-03-08T12:14:47","guid":{"rendered":"https:\/\/lauramanzanera.com\/?p=756"},"modified":"2026-03-08T12:14:48","modified_gmt":"2026-03-08T12:14:48","slug":"radio-sant-cugat","status":"publish","type":"post","link":"https:\/\/lauramanzanera.com\/?p=756","title":{"rendered":"Radio Sant Cugat"},"content":{"rendered":"\n<p>El s\u00e1bado 7 de marzo, habl\u00e9 (sin esp\u00f3ilers) de \u00ab\u00bfQui\u00e9n ha matado a Agatha Christie\u201d en el programa \u2018Lletres i M\u00fasica\u2019, dirigido por Mari Carmen Sinti.<\/p>\n","protected":false},"excerpt":{"rendered":"<p>El s\u00e1bado 7 de marzo, habl\u00e9 (sin esp\u00f3ilers) de \u00ab\u00bfQui\u00e9n ha matado a Agatha Christie\u201d en el programa \u2018Lletres i M\u00fasica\u2019, dirigido por Mari Carmen Sinti.<\/p>\n","protected":false},"author":2,"featured_media":758,"comment_status":"closed","ping_status":"closed","sticky":false,"template":"","format":"standard","meta":{"footnotes":""},"categories":[5],"tags":[],"class_list":["post-756","post","type-post","status-publish","format-standard","has-post-thumbnail","hentry","category-eventos"],"_links":{"self":[{"href":"https:\/\/lauramanzanera.com\/index.php?rest_route=\/wp\/v2\/posts\/756","targetHints":{"allow":["GET"]}}],"collection":[{"href":"https:\/\/lauramanzanera.com\/index.php?rest_route=\/wp\/v2\/posts"}],"about":[{"href":"https:\/\/lauramanzanera.com\/index.php?rest_route=\/wp\/v2\/types\/post"}],"author":[{"embeddable":true,"href":"https:\/\/lauramanzanera.com\/index.php?rest_route=\/wp\/v2\/users\/2"}],"replies":[{"embeddable":true,"href":"https:\/\/lauramanzanera.com\/index.php?rest_route=%2Fwp%2Fv2%2Fcomments&post=756"}],"version-history":[{"count":2,"href":"https:\/\/lauramanzanera.com\/index.php?rest_route=\/wp\/v2\/posts\/756\/revisions"}],"predecessor-version":[{"id":759,"href":"https:\/\/lauramanzanera.com\/index.php?rest_route=\/wp\/v2\/posts\/756\/revisions\/759"}],"wp:featuredmedia":[{"embeddable":true,"href":"https:\/\/lauramanzanera.com\/index.php?rest_route=\/wp\/v2\/media\/758"}],"wp:attachment":[{"href":"https:\/\/lauramanzanera.com\/index.php?rest_route=%2Fwp%2Fv2%2Fmedia&parent=756"}],"wp:term":[{"taxonomy":"category","embeddable":true,"href":"https:\/\/lauramanzanera.com\/index.php?rest_route=%2Fwp%2Fv2%2Fcategories&post=756"},{"taxonomy":"post_tag","embeddable":true,"href":"https:\/\/lauramanzanera.com\/index.php?rest_route=%2Fwp%2Fv2%2Ftags&post=756"}],"curies":[{"name":"wp","href":"https:\/\/api.w.org\/{rel}","templated":true}]}}