{"id":762,"date":"2026-03-20T09:29:02","date_gmt":"2026-03-20T09:29:02","guid":{"rendered":"https:\/\/lauramanzanera.com\/?p=762"},"modified":"2026-03-20T09:33:45","modified_gmt":"2026-03-20T09:33:45","slug":"lloret-negre-2026-cafe-de-la-opera","status":"publish","type":"post","link":"https:\/\/lauramanzanera.com\/?p=762","title":{"rendered":"Lloret Negre 2026 &#8211; Caf\u00e9 Noir"},"content":{"rendered":"\n<p>Presentaci\u00f3n en el ciclo\u00a0CAF\u00c9 NOIR, encuentros literarios impulsados por el Festival Lloret Negre, el jueves 19 de marzo &#8211; 18:30 h &#8211; Caf\u00e9 de la \u00d3pera,\u00a0La Rambla, 74 (Barcelona)<\/p>\n","protected":false},"excerpt":{"rendered":"<p>Presentaci\u00f3n en el ciclo\u00a0CAF\u00c9 NOIR, encuentros literarios impulsados por el Festival Lloret Negre, el jueves 19 de marzo &#8211; 18:30 h &#8211; Caf\u00e9 de la \u00d3pera,\u00a0La Rambla, 74 (Barcelona)<\/p>\n","protected":false},"author":2,"featured_media":764,"comment_status":"closed","ping_status":"closed","sticky":false,"template":"","format":"standard","meta":{"footnotes":""},"categories":[5],"tags":[],"class_list":["post-762","post","type-post","status-publish","format-standard","has-post-thumbnail","hentry","category-eventos"],"_links":{"self":[{"href":"https:\/\/lauramanzanera.com\/index.php?rest_route=\/wp\/v2\/posts\/762","targetHints":{"allow":["GET"]}}],"collection":[{"href":"https:\/\/lauramanzanera.com\/index.php?rest_route=\/wp\/v2\/posts"}],"about":[{"href":"https:\/\/lauramanzanera.com\/index.php?rest_route=\/wp\/v2\/types\/post"}],"author":[{"embeddable":true,"href":"https:\/\/lauramanzanera.com\/index.php?rest_route=\/wp\/v2\/users\/2"}],"replies":[{"embeddable":true,"href":"https:\/\/lauramanzanera.com\/index.php?rest_route=%2Fwp%2Fv2%2Fcomments&post=762"}],"version-history":[{"count":7,"href":"https:\/\/lauramanzanera.com\/index.php?rest_route=\/wp\/v2\/posts\/762\/revisions"}],"predecessor-version":[{"id":772,"href":"https:\/\/lauramanzanera.com\/index.php?rest_route=\/wp\/v2\/posts\/762\/revisions\/772"}],"wp:featuredmedia":[{"embeddable":true,"href":"https:\/\/lauramanzanera.com\/index.php?rest_route=\/wp\/v2\/media\/764"}],"wp:attachment":[{"href":"https:\/\/lauramanzanera.com\/index.php?rest_route=%2Fwp%2Fv2%2Fmedia&parent=762"}],"wp:term":[{"taxonomy":"category","embeddable":true,"href":"https:\/\/lauramanzanera.com\/index.php?rest_route=%2Fwp%2Fv2%2Fcategories&post=762"},{"taxonomy":"post_tag","embeddable":true,"href":"https:\/\/lauramanzanera.com\/index.php?rest_route=%2Fwp%2Fv2%2Ftags&post=762"}],"curies":[{"name":"wp","href":"https:\/\/api.w.org\/{rel}","templated":true}]}}