{"id":773,"date":"2026-03-22T12:33:53","date_gmt":"2026-03-22T12:33:53","guid":{"rendered":"https:\/\/lauramanzanera.com\/?p=773"},"modified":"2026-03-29T18:48:14","modified_gmt":"2026-03-29T18:48:14","slug":"sant-boi-negre-2026","status":"publish","type":"post","link":"https:\/\/lauramanzanera.com\/?p=773","title":{"rendered":"Sant Boi Negre 2026"},"content":{"rendered":"\n<p>Participaci\u00f3n en la mesa redonda de las V Jornadas de Novela Negra y Espionaje de Sant Boi.<\/p>\n\n\n\n<p>Charla sobre \u201cEsp\u00edas en la sombra: inteligencia, poder y conflicto hoy\u201d, junto a Jos\u00e9 Luis Caballero y Pere Cardona. Modera: Charo Gonz\u00e1lez.<\/p>\n\n\n\n<p>Viernes 20 de marzo 18:00 h<\/p>\n\n\n\n<p><strong><a href=\"https:\/\/santboinegre.es\/preparando-las-jornadas\/\">[ver m\u00e1s detalles&#8230;]<\/a><\/strong><\/p>\n\n\n\n<p><\/p>\n","protected":false},"excerpt":{"rendered":"<p>Participaci\u00f3n en la mesa redonda de las V Jornadas de Novela Negra y Espionaje de Sant Boi. Charla sobre \u201cEsp\u00edas en la sombra: inteligencia, poder y conflicto hoy\u201d, junto a Jos\u00e9 Luis Caballero y Pere Cardona. Modera: Charo Gonz\u00e1lez. Viernes 20 de marzo 18:00 h [ver m\u00e1s detalles&#8230;]<\/p>\n","protected":false},"author":2,"featured_media":791,"comment_status":"closed","ping_status":"closed","sticky":false,"template":"","format":"standard","meta":{"footnotes":""},"categories":[5],"tags":[],"class_list":["post-773","post","type-post","status-publish","format-standard","has-post-thumbnail","hentry","category-eventos"],"_links":{"self":[{"href":"https:\/\/lauramanzanera.com\/index.php?rest_route=\/wp\/v2\/posts\/773","targetHints":{"allow":["GET"]}}],"collection":[{"href":"https:\/\/lauramanzanera.com\/index.php?rest_route=\/wp\/v2\/posts"}],"about":[{"href":"https:\/\/lauramanzanera.com\/index.php?rest_route=\/wp\/v2\/types\/post"}],"author":[{"embeddable":true,"href":"https:\/\/lauramanzanera.com\/index.php?rest_route=\/wp\/v2\/users\/2"}],"replies":[{"embeddable":true,"href":"https:\/\/lauramanzanera.com\/index.php?rest_route=%2Fwp%2Fv2%2Fcomments&post=773"}],"version-history":[{"count":3,"href":"https:\/\/lauramanzanera.com\/index.php?rest_route=\/wp\/v2\/posts\/773\/revisions"}],"predecessor-version":[{"id":776,"href":"https:\/\/lauramanzanera.com\/index.php?rest_route=\/wp\/v2\/posts\/773\/revisions\/776"}],"wp:featuredmedia":[{"embeddable":true,"href":"https:\/\/lauramanzanera.com\/index.php?rest_route=\/wp\/v2\/media\/791"}],"wp:attachment":[{"href":"https:\/\/lauramanzanera.com\/index.php?rest_route=%2Fwp%2Fv2%2Fmedia&parent=773"}],"wp:term":[{"taxonomy":"category","embeddable":true,"href":"https:\/\/lauramanzanera.com\/index.php?rest_route=%2Fwp%2Fv2%2Fcategories&post=773"},{"taxonomy":"post_tag","embeddable":true,"href":"https:\/\/lauramanzanera.com\/index.php?rest_route=%2Fwp%2Fv2%2Ftags&post=773"}],"curies":[{"name":"wp","href":"https:\/\/api.w.org\/{rel}","templated":true}]}}